{"id":952,"date":"2021-02-18T11:55:01","date_gmt":"2021-02-18T08:55:01","guid":{"rendered":"http:\/\/talhabarut.com\/?p=952"},"modified":"2021-02-20T11:31:10","modified_gmt":"2021-02-20T08:31:10","slug":"anneler-hem-almanyadan-hem-de-turkiyeden-emekli-olabilir","status":"publish","type":"post","link":"https:\/\/talhabarut.com\/index.php\/2021\/02\/18\/anneler-hem-almanyadan-hem-de-turkiyeden-emekli-olabilir\/","title":{"rendered":"Anneler hem Almanya\u2019dan hem de T\u00fcrkiye\u2019den Emekli Olabilir!"},"content":{"rendered":"<p style=\"text-align: justify;\"><img loading=\"lazy\" decoding=\"async\" class=\"alignnone size-medium wp-image-953\" src=\"https:\/\/talhabarut.com\/wp-content\/uploads\/2021\/02\/m\u00fctter-rente-300x169.jpg\" alt=\"\" width=\"300\" height=\"169\" srcset=\"https:\/\/talhabarut.com\/wp-content\/uploads\/2021\/02\/m\u00fctter-rente-300x169.jpg 300w, https:\/\/talhabarut.com\/wp-content\/uploads\/2021\/02\/m\u00fctter-rente.jpg 750w\" sizes=\"auto, (max-width: 300px) 100vw, 300px\" \/><\/p>\n<p style=\"text-align: justify;\">Almanya`da \u00e7ocuk do\u011furan ve yeti\u015ftiren annelerin ba\u015fka hi\u00e7bir \u00e7al\u0131\u015fmalar\u0131 olmasa bile emekli olma haklar\u0131 bulunmaktad\u0131r. Bu konuda 01.01.1992 \u00f6ncesi ve sonras\u0131 do\u011fan \u00e7ocuklar i\u00e7in bir ayr\u0131ma gitmek gerekiyor:<\/p>\n<h2 style=\"text-align: justify;\">01.01.1992`den \u00d6nce Do\u011fan \u00c7ocuklar \u0130\u00e7in!<\/h2>\n<p style=\"text-align: justify;\">Buna g\u00f6re 01.01.1992 tarihinden \u00f6nce do\u011fan her bir \u00e7ocuk i\u00e7in do\u011fumunu takip eden aydan itibaren 24 ay \u00e7ocuk yeti\u015ftirme s\u00fcreleri (Kindererziehungszeit) olarak kabul edilmektedir. Ayn\u0131 \u00e7al\u0131\u015fma s\u00fcreleri gibi zorunlu sosyal sigorta s\u00fcresi (Pflichtbeitragzeit) say\u0131lan bu s\u00fcreler sayesinde 5 y\u0131ldan fazla sigortal\u0131l\u0131k s\u00fcresini sa\u011flayan anneler hi\u00e7 \u00e7al\u0131\u015fmas\u0131 olmasa dahi Almanya`dan emekli olabilmektedir. 01.01.1992 y\u0131l\u0131ndan \u00f6nce Almanya`da yasal oturuma sahip bir kad\u0131n\u0131n Almanya`da 3 \u00e7ocuk do\u011furmu\u015f ve \u00e7ocuklar\u0131na bakm\u0131\u015f olmas\u0131 durumunda ya\u015f\u0131 geldi\u011finde emekli ayl\u0131\u011f\u0131 alma hakk\u0131 bulunmaktad\u0131r.<\/p>\n<p>Bilgilendirme videosu i\u00e7in t\u0131klay\u0131n\u0131z:<\/p>\n<p><iframe loading=\"lazy\" title=\"Annelerin Almanya`dan ve T\u00fcrkiye`den Emeklili\u011fi - Canl\u0131 Yay\u0131n\" width=\"1170\" height=\"658\" src=\"https:\/\/www.youtube.com\/embed\/fsq6_4Ktbrk?feature=oembed&#038;enablejsapi=1&#038;origin=https:\/\/talhabarut.com\" frameborder=\"0\" allow=\"accelerometer; autoplay; clipboard-write; encrypted-media; gyroscope; picture-in-picture\" allowfullscreen><\/iframe><\/p>\n<h2 style=\"text-align: justify;\">01.01.1992`den Sonra Do\u011fan \u00c7ocuklar \u0130\u00e7in!<\/h2>\n<p style=\"text-align: justify;\">01.01.1992 tarihinden sonra do\u011fan her bir \u00e7ocuk i\u00e7in ise 3 y\u0131l sigorta yat\u0131r\u0131lmaktad\u0131r. \u00c7ocuk do\u011fumunu takip eden aydan itibaren 36 ay s\u00fcreyle sigorta yat\u0131r\u0131lmaktad\u0131r. Bu da yasal bir oturum ile 01.01.1992 tarihinden sonra 2 \u00e7ocuk do\u011furmu\u015f bir anneye Almanya`dan emekli olma hakk\u0131n\u0131 vermektedir.<\/p>\n<p style=\"text-align: justify;\">\u00c7ocuklardan biri 01.01.1992 tarihi \u00f6ncesi di\u011feri de sonras\u0131 do\u011fmu\u015f ise bu durumda 2 \u00e7ocuk ile de emekli olmak i\u00e7in yeterli sigorta s\u00fcresi elde edilebilmektedir.<\/p>\n<h2 style=\"text-align: justify;\">60 Ay Yeterli!<\/h2>\n<p style=\"text-align: justify;\">Almanya`da emeklilik i\u00e7in asgari 60 ay sigortal\u0131l\u0131k s\u00fcrelerinin bulunmas\u0131 gerekiyor. Tek \u00e7ocuk do\u011fumu yapt\u0131\u011f\u0131 i\u00e7in bu s\u00fcreyi tamamlayamam\u0131\u015f herhangi bir \u00e7al\u0131\u015fmas\u0131 da olmayan anneler iste\u011fe ba\u011fl\u0131 prim \u00f6deyerek bu s\u00fcrelerini 60 aya tamamlayabilir ve emekli olmak i\u00e7in gerekli sigortal\u0131l\u0131k s\u00fcresini sa\u011flayabilirler.<\/p>\n<p style=\"text-align: justify;\">Almanya`da yasal bir oturumla bulunmam\u0131\u015f annelerin bu haktan yararlanma imk\u00e2n\u0131 bulunmamaktad\u0131r. \u00c7ocu\u011funu kendi yeti\u015ftirmemi\u015f anneler de bu haktan yararlanamamaktad\u0131r.<\/p>\n<p style=\"text-align: justify;\">Bir\u00e7ok insan Almanya`da bu s\u00fcrelerin otomatik olarak i\u015flendi\u011fini d\u00fc\u015f\u00fcn\u00fcyor. Maalesef genel bir kural olan \u201cHak verilmez, al\u0131n\u0131r!\u201d ilkesi burada da ge\u00e7erlidir. Siz m\u00fcracaat ederek gerekli i\u015flemleri yapmad\u0131k\u00e7a \u00e7ocuklar\u0131n\u0131z i\u00e7in sigorta yat\u0131r\u0131lm\u0131yor ve bu imkanlardan yararlanam\u0131yorsunuz.<\/p>\n<h2 style=\"text-align: justify;\">T\u00fcrkiye\u2019den de Erken Emekli Olabilirsiniz!<\/h2>\n<p style=\"text-align: justify;\">Almanya`da i\u015fletilen \u00e7ocuk do\u011fumlar\u0131 T\u00fcrkiye`de de \u00e7al\u0131\u015fma kabul edilmektedir. \u00d6zellikle ilk \u00e7ocuk do\u011fumunu takip eden ay ba\u015f\u0131, o tarihte hen\u00fcz \u00e7al\u0131\u015fmaya ba\u015flamam\u0131\u015f kad\u0131nlar i\u00e7in sigorta ba\u015flang\u0131c\u0131 say\u0131l\u0131yor. T\u00fcrkiye`de ilk sigorta ba\u015flang\u0131c\u0131na g\u00f6re emekli olaca\u011f\u0131n\u0131z ya\u015f ve g\u00fcn say\u0131s\u0131 hesaplan\u0131yor. Bu a\u00e7\u0131dan bakacak olursak T\u00fcrkiye a\u00e7\u0131s\u0131ndan da \u00e7ocuklar\u0131n i\u015fletilmi\u015f olmas\u0131 b\u00fcy\u00fck \u00f6nem ta\u015f\u0131yor. \u0130lk \u00e7ocuk do\u011fumu sigorta ba\u015flang\u0131c\u0131 say\u0131l\u0131yor.<\/p>\n<p style=\"text-align: justify;\">Her ne kadar T\u00fcrkiye`de 2019 y\u0131l\u0131nda emeklilik sistemi k\u00f6kl\u00fc de\u011fi\u015fikli\u011fe u\u011frayarak zorla\u015ft\u0131r\u0131lm\u0131\u015f olsa da hala daha az \u00f6deyerek y\u00fcksek emekli maa\u015f\u0131 alman\u0131n yollar\u0131 bulunuyor. Maalesef SGK`ya m\u00fcracaat edenlere sadece Ba\u011f-Kur`dan emekli olman\u0131n yollar\u0131 anlat\u0131l\u0131yor. SSK`dan bor\u00e7lanma imk\u00e2nlar\u0131ndan hi\u00e7 bahsedilmiyor. Bundan dolay\u0131 da insanlar ya emekli olmaktan vazge\u00e7iyor ya da \u00e7ok \u00f6deyerek az maa\u015f al\u0131yor. Halbuki hala insanlar\u0131n hakketti\u011fi kadar az \u00f6deyerek hakketti\u011fi kadar y\u00fcksek maa\u015f almas\u0131n\u0131n bir\u00e7ok yolu bulunuyor. Ama bu imkan ve yollar insanlara g\u00f6sterilmiyor. Bundan dolay\u0131 maalesef insanlar kendilerine \u00e7\u0131kar\u0131lan bor\u00e7lanma tutarlar\u0131n\u0131 \u00f6deyemiyor ve T\u00fcrkiye`nin sa\u011flad\u0131\u011f\u0131 sosyal g\u00fcvenlik \u015femsiyesinden yararlanam\u0131yorlar.<\/p>\n<p>\u00c7ocuk yeti\u015ftirme s\u00fcrelerinin i\u015flenmesi i\u00e7in doldurman\u0131z gereken form (V0800) i\u00e7in t\u0131klay\u0131n\u0131z: <a href=\"https:\/\/talhabarut.com\/wp-content\/uploads\/2021\/02\/V0800.pdf\">V0800<\/a><\/p>\n<p style=\"text-align: justify;\">Daha ayr\u0131nt\u0131l\u0131 bilgi i\u00e7in YouTube kanal\u0131m\u0131z\u0131 ve Facebook sayfam\u0131z\u0131 ziyaret edebilirsiniz. Bir sonraki yaz\u0131m\u0131zda g\u00f6r\u00fc\u015fmek \u00fczere\u2026<\/p>\n<p style=\"text-align: justify;\">Avukat Talha Barut<\/p>\n<p style=\"text-align: justify;\"><a href=\"http:\/\/www.talhabarut.com\">www.talhabarut.com<\/a><\/p>\n<p style=\"text-align: justify;\">YouTube : Avukat Talha Barut<\/p>\n<p style=\"text-align: justify;\">Facebook: @avukatimiz<\/p>\n<p style=\"text-align: justify;\">040 636 93 310<\/p>\n","protected":false},"excerpt":{"rendered":"<p>Almanya`da \u00e7ocuk do\u011furan ve yeti\u015ftiren annelerin ba\u015fka hi\u00e7bir \u00e7al\u0131\u015fmalar\u0131 olmasa bile emekli olma haklar\u0131 bulunmaktad\u0131r. Bu konuda 01.01.1992 \u00f6ncesi ve sonras\u0131 do\u011fan \u00e7ocuklar i\u00e7in bir ayr\u0131ma gitmek gerekiyor: 01.01.1992`den \u00d6nce Do\u011fan \u00c7ocuklar \u0130\u00e7in! Buna g\u00f6re 01.01.1992 tarihinden \u00f6nce do\u011fan her bir \u00e7ocuk i\u00e7in do\u011fumunu takip eden aydan itibaren 24 ay \u00e7ocuk yeti\u015ftirme s\u00fcreleri (Kindererziehungszeit) olarak&hellip;<\/p>\n<p class=\"more-link\"><a href=\"https:\/\/talhabarut.com\/index.php\/2021\/02\/18\/anneler-hem-almanyadan-hem-de-turkiyeden-emekli-olabilir\/\" class=\"themebutton2\">Read More<\/a><\/p>\n","protected":false},"author":1,"featured_media":953,"comment_status":"closed","ping_status":"closed","sticky":false,"template":"","format":"standard","meta":{"_exactmetrics_skip_tracking":false,"_exactmetrics_sitenote_active":false,"_exactmetrics_sitenote_note":"","_exactmetrics_sitenote_category":0,"footnotes":""},"categories":[11],"tags":[],"class_list":["post-952","post","type-post","status-publish","format-standard","has-post-thumbnail","hentry","category-uncategorized-tr"],"yoast_head":"<!-- This site is optimized with the Yoast SEO plugin v24.9 - https:\/\/yoast.com\/wordpress\/plugins\/seo\/ -->\n<title>Anneler hem Almanya\u2019dan hem de T\u00fcrkiye\u2019den Emekli Olabilir! - Talha Barut<\/title>\n<meta name=\"robots\" content=\"index, follow, max-snippet:-1, max-image-preview:large, max-video-preview:-1\" \/>\n<link rel=\"canonical\" href=\"https:\/\/talhabarut.com\/index.php\/2021\/02\/18\/anneler-hem-almanyadan-hem-de-turkiyeden-emekli-olabilir\/\" \/>\n<meta property=\"og:locale\" content=\"tr_TR\" \/>\n<meta property=\"og:type\" content=\"article\" \/>\n<meta property=\"og:title\" content=\"Anneler hem Almanya\u2019dan hem de T\u00fcrkiye\u2019den Emekli Olabilir! - Talha Barut\" \/>\n<meta property=\"og:description\" content=\"Almanya`da \u00e7ocuk do\u011furan ve yeti\u015ftiren annelerin ba\u015fka hi\u00e7bir \u00e7al\u0131\u015fmalar\u0131 olmasa bile emekli olma haklar\u0131 bulunmaktad\u0131r. Bu konuda 01.01.1992 \u00f6ncesi ve sonras\u0131 do\u011fan \u00e7ocuklar i\u00e7in bir ayr\u0131ma gitmek gerekiyor: 01.01.1992`den \u00d6nce Do\u011fan \u00c7ocuklar \u0130\u00e7in! Buna g\u00f6re 01.01.1992 tarihinden \u00f6nce do\u011fan her bir \u00e7ocuk i\u00e7in do\u011fumunu takip eden aydan itibaren 24 ay \u00e7ocuk yeti\u015ftirme s\u00fcreleri (Kindererziehungszeit) olarak&hellip;Read More\" \/>\n<meta property=\"og:url\" content=\"https:\/\/talhabarut.com\/index.php\/2021\/02\/18\/anneler-hem-almanyadan-hem-de-turkiyeden-emekli-olabilir\/\" \/>\n<meta property=\"og:site_name\" content=\"Talha Barut\" \/>\n<meta property=\"article:published_time\" content=\"2021-02-18T08:55:01+00:00\" \/>\n<meta property=\"article:modified_time\" content=\"2021-02-20T08:31:10+00:00\" \/>\n<meta property=\"og:image\" content=\"https:\/\/talhabarut.com\/wp-content\/uploads\/2021\/02\/m\u00fctter-rente.jpg\" \/>\n\t<meta property=\"og:image:width\" content=\"750\" \/>\n\t<meta property=\"og:image:height\" content=\"422\" \/>\n\t<meta property=\"og:image:type\" content=\"image\/jpeg\" \/>\n<meta name=\"author\" content=\"Av. Talha Barut\" \/>\n<meta name=\"twitter:card\" content=\"summary_large_image\" \/>\n<meta name=\"twitter:label1\" content=\"Yazan:\" \/>\n\t<meta name=\"twitter:data1\" content=\"Av. Talha Barut\" \/>\n\t<meta name=\"twitter:label2\" content=\"Tahmini okuma s\u00fcresi\" \/>\n\t<meta name=\"twitter:data2\" content=\"3 dakika\" \/>\n<script type=\"application\/ld+json\" class=\"yoast-schema-graph\">{\"@context\":\"https:\/\/schema.org\",\"@graph\":[{\"@type\":\"Article\",\"@id\":\"https:\/\/talhabarut.com\/index.php\/2021\/02\/18\/anneler-hem-almanyadan-hem-de-turkiyeden-emekli-olabilir\/#article\",\"isPartOf\":{\"@id\":\"https:\/\/talhabarut.com\/index.php\/2021\/02\/18\/anneler-hem-almanyadan-hem-de-turkiyeden-emekli-olabilir\/\"},\"author\":{\"name\":\"Av. Talha Barut\",\"@id\":\"https:\/\/talhabarut.com\/#\/schema\/person\/043e4e4bf7a1cdc3c4892973f3237780\"},\"headline\":\"Anneler hem Almanya\u2019dan hem de T\u00fcrkiye\u2019den Emekli Olabilir!\",\"datePublished\":\"2021-02-18T08:55:01+00:00\",\"dateModified\":\"2021-02-20T08:31:10+00:00\",\"mainEntityOfPage\":{\"@id\":\"https:\/\/talhabarut.com\/index.php\/2021\/02\/18\/anneler-hem-almanyadan-hem-de-turkiyeden-emekli-olabilir\/\"},\"wordCount\":691,\"publisher\":{\"@id\":\"https:\/\/talhabarut.com\/#\/schema\/person\/043e4e4bf7a1cdc3c4892973f3237780\"},\"image\":{\"@id\":\"https:\/\/talhabarut.com\/index.php\/2021\/02\/18\/anneler-hem-almanyadan-hem-de-turkiyeden-emekli-olabilir\/#primaryimage\"},\"thumbnailUrl\":\"https:\/\/talhabarut.com\/wp-content\/uploads\/2021\/02\/m\u00fctter-rente.jpg\",\"articleSection\":[\"Uncategorized\"],\"inLanguage\":\"tr\"},{\"@type\":\"WebPage\",\"@id\":\"https:\/\/talhabarut.com\/index.php\/2021\/02\/18\/anneler-hem-almanyadan-hem-de-turkiyeden-emekli-olabilir\/\",\"url\":\"https:\/\/talhabarut.com\/index.php\/2021\/02\/18\/anneler-hem-almanyadan-hem-de-turkiyeden-emekli-olabilir\/\",\"name\":\"Anneler hem Almanya\u2019dan hem de T\u00fcrkiye\u2019den Emekli Olabilir! - Talha Barut\",\"isPartOf\":{\"@id\":\"https:\/\/talhabarut.com\/#website\"},\"primaryImageOfPage\":{\"@id\":\"https:\/\/talhabarut.com\/index.php\/2021\/02\/18\/anneler-hem-almanyadan-hem-de-turkiyeden-emekli-olabilir\/#primaryimage\"},\"image\":{\"@id\":\"https:\/\/talhabarut.com\/index.php\/2021\/02\/18\/anneler-hem-almanyadan-hem-de-turkiyeden-emekli-olabilir\/#primaryimage\"},\"thumbnailUrl\":\"https:\/\/talhabarut.com\/wp-content\/uploads\/2021\/02\/m\u00fctter-rente.jpg\",\"datePublished\":\"2021-02-18T08:55:01+00:00\",\"dateModified\":\"2021-02-20T08:31:10+00:00\",\"breadcrumb\":{\"@id\":\"https:\/\/talhabarut.com\/index.php\/2021\/02\/18\/anneler-hem-almanyadan-hem-de-turkiyeden-emekli-olabilir\/#breadcrumb\"},\"inLanguage\":\"tr\",\"potentialAction\":[{\"@type\":\"ReadAction\",\"target\":[\"https:\/\/talhabarut.com\/index.php\/2021\/02\/18\/anneler-hem-almanyadan-hem-de-turkiyeden-emekli-olabilir\/\"]}]},{\"@type\":\"ImageObject\",\"inLanguage\":\"tr\",\"@id\":\"https:\/\/talhabarut.com\/index.php\/2021\/02\/18\/anneler-hem-almanyadan-hem-de-turkiyeden-emekli-olabilir\/#primaryimage\",\"url\":\"https:\/\/talhabarut.com\/wp-content\/uploads\/2021\/02\/m\u00fctter-rente.jpg\",\"contentUrl\":\"https:\/\/talhabarut.com\/wp-content\/uploads\/2021\/02\/m\u00fctter-rente.jpg\",\"width\":750,\"height\":422},{\"@type\":\"BreadcrumbList\",\"@id\":\"https:\/\/talhabarut.com\/index.php\/2021\/02\/18\/anneler-hem-almanyadan-hem-de-turkiyeden-emekli-olabilir\/#breadcrumb\",\"itemListElement\":[{\"@type\":\"ListItem\",\"position\":1,\"name\":\"Ana sayfa\",\"item\":\"https:\/\/talhabarut.com\/\"},{\"@type\":\"ListItem\",\"position\":2,\"name\":\"Anneler hem Almanya\u2019dan hem de T\u00fcrkiye\u2019den Emekli Olabilir!\"}]},{\"@type\":\"WebSite\",\"@id\":\"https:\/\/talhabarut.com\/#website\",\"url\":\"https:\/\/talhabarut.com\/\",\"name\":\"Talha Barut\",\"description\":\"Anwalt \/ Avukat\",\"publisher\":{\"@id\":\"https:\/\/talhabarut.com\/#\/schema\/person\/043e4e4bf7a1cdc3c4892973f3237780\"},\"potentialAction\":[{\"@type\":\"SearchAction\",\"target\":{\"@type\":\"EntryPoint\",\"urlTemplate\":\"https:\/\/talhabarut.com\/?s={search_term_string}\"},\"query-input\":{\"@type\":\"PropertyValueSpecification\",\"valueRequired\":true,\"valueName\":\"search_term_string\"}}],\"inLanguage\":\"tr\"},{\"@type\":[\"Person\",\"Organization\"],\"@id\":\"https:\/\/talhabarut.com\/#\/schema\/person\/043e4e4bf7a1cdc3c4892973f3237780\",\"name\":\"Av. Talha Barut\",\"image\":{\"@type\":\"ImageObject\",\"inLanguage\":\"tr\",\"@id\":\"https:\/\/talhabarut.com\/#\/schema\/person\/image\/\",\"url\":\"https:\/\/talhabarut.com\/wp-content\/uploads\/2019\/08\/logo_200x90.jpg\",\"contentUrl\":\"https:\/\/talhabarut.com\/wp-content\/uploads\/2019\/08\/logo_200x90.jpg\",\"width\":200,\"height\":90,\"caption\":\"Av. Talha Barut\"},\"logo\":{\"@id\":\"https:\/\/talhabarut.com\/#\/schema\/person\/image\/\"},\"description\":\"Avukat Talha Barut Almanya\",\"sameAs\":[\"http:\/\/www.talhabarut.com\"]}]}<\/script>\n<!-- \/ Yoast SEO plugin. -->","yoast_head_json":{"title":"Anneler hem Almanya\u2019dan hem de T\u00fcrkiye\u2019den Emekli Olabilir! - Talha Barut","robots":{"index":"index","follow":"follow","max-snippet":"max-snippet:-1","max-image-preview":"max-image-preview:large","max-video-preview":"max-video-preview:-1"},"canonical":"https:\/\/talhabarut.com\/index.php\/2021\/02\/18\/anneler-hem-almanyadan-hem-de-turkiyeden-emekli-olabilir\/","og_locale":"tr_TR","og_type":"article","og_title":"Anneler hem Almanya\u2019dan hem de T\u00fcrkiye\u2019den Emekli Olabilir! - Talha Barut","og_description":"Almanya`da \u00e7ocuk do\u011furan ve yeti\u015ftiren annelerin ba\u015fka hi\u00e7bir \u00e7al\u0131\u015fmalar\u0131 olmasa bile emekli olma haklar\u0131 bulunmaktad\u0131r. Bu konuda 01.01.1992 \u00f6ncesi ve sonras\u0131 do\u011fan \u00e7ocuklar i\u00e7in bir ayr\u0131ma gitmek gerekiyor: 01.01.1992`den \u00d6nce Do\u011fan \u00c7ocuklar \u0130\u00e7in! Buna g\u00f6re 01.01.1992 tarihinden \u00f6nce do\u011fan her bir \u00e7ocuk i\u00e7in do\u011fumunu takip eden aydan itibaren 24 ay \u00e7ocuk yeti\u015ftirme s\u00fcreleri (Kindererziehungszeit) olarak&hellip;Read More","og_url":"https:\/\/talhabarut.com\/index.php\/2021\/02\/18\/anneler-hem-almanyadan-hem-de-turkiyeden-emekli-olabilir\/","og_site_name":"Talha Barut","article_published_time":"2021-02-18T08:55:01+00:00","article_modified_time":"2021-02-20T08:31:10+00:00","og_image":[{"width":750,"height":422,"url":"https:\/\/talhabarut.com\/wp-content\/uploads\/2021\/02\/m\u00fctter-rente.jpg","type":"image\/jpeg"}],"author":"Av. Talha Barut","twitter_card":"summary_large_image","twitter_misc":{"Yazan:":"Av. Talha Barut","Tahmini okuma s\u00fcresi":"3 dakika"},"schema":{"@context":"https:\/\/schema.org","@graph":[{"@type":"Article","@id":"https:\/\/talhabarut.com\/index.php\/2021\/02\/18\/anneler-hem-almanyadan-hem-de-turkiyeden-emekli-olabilir\/#article","isPartOf":{"@id":"https:\/\/talhabarut.com\/index.php\/2021\/02\/18\/anneler-hem-almanyadan-hem-de-turkiyeden-emekli-olabilir\/"},"author":{"name":"Av. Talha Barut","@id":"https:\/\/talhabarut.com\/#\/schema\/person\/043e4e4bf7a1cdc3c4892973f3237780"},"headline":"Anneler hem Almanya\u2019dan hem de T\u00fcrkiye\u2019den Emekli Olabilir!","datePublished":"2021-02-18T08:55:01+00:00","dateModified":"2021-02-20T08:31:10+00:00","mainEntityOfPage":{"@id":"https:\/\/talhabarut.com\/index.php\/2021\/02\/18\/anneler-hem-almanyadan-hem-de-turkiyeden-emekli-olabilir\/"},"wordCount":691,"publisher":{"@id":"https:\/\/talhabarut.com\/#\/schema\/person\/043e4e4bf7a1cdc3c4892973f3237780"},"image":{"@id":"https:\/\/talhabarut.com\/index.php\/2021\/02\/18\/anneler-hem-almanyadan-hem-de-turkiyeden-emekli-olabilir\/#primaryimage"},"thumbnailUrl":"https:\/\/talhabarut.com\/wp-content\/uploads\/2021\/02\/m\u00fctter-rente.jpg","articleSection":["Uncategorized"],"inLanguage":"tr"},{"@type":"WebPage","@id":"https:\/\/talhabarut.com\/index.php\/2021\/02\/18\/anneler-hem-almanyadan-hem-de-turkiyeden-emekli-olabilir\/","url":"https:\/\/talhabarut.com\/index.php\/2021\/02\/18\/anneler-hem-almanyadan-hem-de-turkiyeden-emekli-olabilir\/","name":"Anneler hem Almanya\u2019dan hem de T\u00fcrkiye\u2019den Emekli Olabilir! - Talha Barut","isPartOf":{"@id":"https:\/\/talhabarut.com\/#website"},"primaryImageOfPage":{"@id":"https:\/\/talhabarut.com\/index.php\/2021\/02\/18\/anneler-hem-almanyadan-hem-de-turkiyeden-emekli-olabilir\/#primaryimage"},"image":{"@id":"https:\/\/talhabarut.com\/index.php\/2021\/02\/18\/anneler-hem-almanyadan-hem-de-turkiyeden-emekli-olabilir\/#primaryimage"},"thumbnailUrl":"https:\/\/talhabarut.com\/wp-content\/uploads\/2021\/02\/m\u00fctter-rente.jpg","datePublished":"2021-02-18T08:55:01+00:00","dateModified":"2021-02-20T08:31:10+00:00","breadcrumb":{"@id":"https:\/\/talhabarut.com\/index.php\/2021\/02\/18\/anneler-hem-almanyadan-hem-de-turkiyeden-emekli-olabilir\/#breadcrumb"},"inLanguage":"tr","potentialAction":[{"@type":"ReadAction","target":["https:\/\/talhabarut.com\/index.php\/2021\/02\/18\/anneler-hem-almanyadan-hem-de-turkiyeden-emekli-olabilir\/"]}]},{"@type":"ImageObject","inLanguage":"tr","@id":"https:\/\/talhabarut.com\/index.php\/2021\/02\/18\/anneler-hem-almanyadan-hem-de-turkiyeden-emekli-olabilir\/#primaryimage","url":"https:\/\/talhabarut.com\/wp-content\/uploads\/2021\/02\/m\u00fctter-rente.jpg","contentUrl":"https:\/\/talhabarut.com\/wp-content\/uploads\/2021\/02\/m\u00fctter-rente.jpg","width":750,"height":422},{"@type":"BreadcrumbList","@id":"https:\/\/talhabarut.com\/index.php\/2021\/02\/18\/anneler-hem-almanyadan-hem-de-turkiyeden-emekli-olabilir\/#breadcrumb","itemListElement":[{"@type":"ListItem","position":1,"name":"Ana sayfa","item":"https:\/\/talhabarut.com\/"},{"@type":"ListItem","position":2,"name":"Anneler hem Almanya\u2019dan hem de T\u00fcrkiye\u2019den Emekli Olabilir!"}]},{"@type":"WebSite","@id":"https:\/\/talhabarut.com\/#website","url":"https:\/\/talhabarut.com\/","name":"Talha Barut","description":"Anwalt \/ Avukat","publisher":{"@id":"https:\/\/talhabarut.com\/#\/schema\/person\/043e4e4bf7a1cdc3c4892973f3237780"},"potentialAction":[{"@type":"SearchAction","target":{"@type":"EntryPoint","urlTemplate":"https:\/\/talhabarut.com\/?s={search_term_string}"},"query-input":{"@type":"PropertyValueSpecification","valueRequired":true,"valueName":"search_term_string"}}],"inLanguage":"tr"},{"@type":["Person","Organization"],"@id":"https:\/\/talhabarut.com\/#\/schema\/person\/043e4e4bf7a1cdc3c4892973f3237780","name":"Av. Talha Barut","image":{"@type":"ImageObject","inLanguage":"tr","@id":"https:\/\/talhabarut.com\/#\/schema\/person\/image\/","url":"https:\/\/talhabarut.com\/wp-content\/uploads\/2019\/08\/logo_200x90.jpg","contentUrl":"https:\/\/talhabarut.com\/wp-content\/uploads\/2019\/08\/logo_200x90.jpg","width":200,"height":90,"caption":"Av. Talha Barut"},"logo":{"@id":"https:\/\/talhabarut.com\/#\/schema\/person\/image\/"},"description":"Avukat Talha Barut Almanya","sameAs":["http:\/\/www.talhabarut.com"]}]}},"_links":{"self":[{"href":"https:\/\/talhabarut.com\/index.php\/wp-json\/wp\/v2\/posts\/952","targetHints":{"allow":["GET"]}}],"collection":[{"href":"https:\/\/talhabarut.com\/index.php\/wp-json\/wp\/v2\/posts"}],"about":[{"href":"https:\/\/talhabarut.com\/index.php\/wp-json\/wp\/v2\/types\/post"}],"author":[{"embeddable":true,"href":"https:\/\/talhabarut.com\/index.php\/wp-json\/wp\/v2\/users\/1"}],"replies":[{"embeddable":true,"href":"https:\/\/talhabarut.com\/index.php\/wp-json\/wp\/v2\/comments?post=952"}],"version-history":[{"count":3,"href":"https:\/\/talhabarut.com\/index.php\/wp-json\/wp\/v2\/posts\/952\/revisions"}],"predecessor-version":[{"id":958,"href":"https:\/\/talhabarut.com\/index.php\/wp-json\/wp\/v2\/posts\/952\/revisions\/958"}],"wp:featuredmedia":[{"embeddable":true,"href":"https:\/\/talhabarut.com\/index.php\/wp-json\/wp\/v2\/media\/953"}],"wp:attachment":[{"href":"https:\/\/talhabarut.com\/index.php\/wp-json\/wp\/v2\/media?parent=952"}],"wp:term":[{"taxonomy":"category","embeddable":true,"href":"https:\/\/talhabarut.com\/index.php\/wp-json\/wp\/v2\/categories?post=952"},{"taxonomy":"post_tag","embeddable":true,"href":"https:\/\/talhabarut.com\/index.php\/wp-json\/wp\/v2\/tags?post=952"}],"curies":[{"name":"wp","href":"https:\/\/api.w.org\/{rel}","templated":true}]}}