{"id":250,"date":"2019-08-25T18:11:23","date_gmt":"2019-08-25T15:11:23","guid":{"rendered":"http:\/\/talhabarut.com\/?p=250"},"modified":"2019-08-25T18:11:23","modified_gmt":"2019-08-25T15:11:23","slug":"neumunsterde-yeni-emeklilik-yasasi-tartisildi","status":"publish","type":"post","link":"https:\/\/talhabarut.com\/index.php\/2019\/08\/25\/neumunsterde-yeni-emeklilik-yasasi-tartisildi\/","title":{"rendered":"Neum\u00fcnster&#8217;de Yeni Emeklilik Yasas\u0131 Tart\u0131\u015f\u0131ld\u0131 !"},"content":{"rendered":"\n<figure class=\"wp-block-image\"><img decoding=\"async\" src=\"https:\/\/talhabarut.com\/wp\/wp-content\/uploads\/2019\/06\/talha-barut-1024x768.jpeg\" alt=\"\" class=\"wp-image-479\"\/><\/figure>\n\n\n\n<p>19 Haziran 2019 tarihinde Uzman Avukat Talha Barut\u2019un konuk olarak kat\u0131ld\u0131\u011f\u0131 seminerde T\u00fcrkiye\u2019den emeklilik konusunda \u00e7ok \u00f6nemli konular tart\u0131\u015f\u0131ld\u0131. Sosyal Hizmetler Uzman\u0131 D\u00f6nd\u00fc Tosun taraf\u0131ndan organize edilen etkinlik s\u0131cak bir atmosferde ger\u00e7ekle\u015ftirildi. Yeni de\u011fi\u015fecek emeklilik yasas\u0131 ile ilgili \u00f6nemli a\u00e7\u0131klamalar yapan Avukat Barut \u015funlar\u0131 kaydetti:<\/p>\n\n\n\n<p>\u2019Hazine ve Maliye Bakan\u0131 Berat Albayrak 2019 y\u0131l\u0131 i\u00e7erisinde emeklilik sisteminde \u00f6nemli de\u011fi\u015fiklikler yap\u0131laca\u011f\u0131n\u0131 duyurdu. Ayr\u0131nt\u0131s\u0131 belli olmamakla birlikte kanaatimizce SGK`n\u0131n mali girdilerini artt\u0131ran ve masraflar\u0131n\u0131 azaltan baz\u0131 d\u00fczenlemeler yap\u0131lacakt\u0131r. Kanun de\u011fi\u015fikli\u011fi Kalk\u0131nma Bakanl\u0131\u011f\u0131\u2019n\u0131n \u00e7\u0131karm\u0131\u015f oldu\u011fu \u00f6zel ihtisas komisyon raporlar\u0131ndan yararlan\u0131larak yap\u0131lacakt\u0131r. Sosyal G\u00fcvenlik Sistemi bir\u00e7ok y\u00f6nden de\u011fi\u015ftirilecektir. Biz seminerde \u00f6zellikle yurtd\u0131\u015f\u0131ndaki T\u00fcrklere ne gibi etkiler olacak o konu \u00fczerinde duraca\u011f\u0131z. Kalk\u0131nma Bakanl\u0131\u011f\u0131n\u0131n haz\u0131rlam\u0131\u015f oldu\u011fu 2014-2018 y\u0131llar\u0131 aras\u0131n\u0131 kapsayan 10. Kalk\u0131nma Plan\u0131nda yurtd\u0131\u015f\u0131 bor\u00e7lanma yoluyla emeklilik sisteminin Kurum`un akt\u00fceryal dengesini bozdu\u011fu gerek\u00e7esiyle de\u011fi\u015ftirilmesi gerekti\u011fi vurgulanm\u0131\u015ft\u0131r. S\u00f6zkonusu \u00f6zel ihtisas komisyonunun yurtd\u0131\u015f\u0131 bor\u00e7lanma ile ilgili b\u00f6l\u00fcm\u00fc su \u015fekildedir:<\/p>\n\n\n\n<p><strong><em>\u201c4.2.2. Prim Yap\u0131land\u0131rmalar\u0131 \u0130stisnai Haller D\u0131\u015f\u0131nda Uygulanmayacak, Yurtd\u0131\u015f\u0131 Bor\u00e7lanma Uygulamas\u0131 Yeniden D\u00fczenlenecektir.<\/em><\/strong><\/p>\n\n\n\n<p><em>\u2026\u2026. Prim yap\u0131land\u0131rma uygulamalar\u0131 gibi yurt d\u0131\u015f\u0131 hizmet bor\u00e7lanmas\u0131 da sistemin akt\u00fceryal dengelerini olumsuz y\u00f6nde etkilemektedir. Yurtd\u0131\u015f\u0131nda hizmeti bulunan bir T\u00fcrk vatanda\u015f\u0131n\u0131n T\u00fcrkiye\u2019de hi\u00e7 hizmeti olmasa bile bor\u00e7lanma yapt\u0131\u011f\u0131 s\u00fcre \u00e7er\u00e7evesinde sigortal\u0131l\u0131k ba\u015flang\u0131\u00e7 tarihinin 1 Ekim 2008 tarihinden \u00f6nceye g\u00f6t\u00fcr\u00fclmesi durumunda bu ki\u015fi, eski mevzuattan kaynaklanan haklardan yararlanabilmektedir. Bu durum ise, sosyal g\u00fcvenlik alan\u0131nda yap\u0131lan reformlar\u0131n etkisini azaltmakta, sigortal\u0131lar aras\u0131 e\u015fitsizliklere yol a\u00e7t\u0131\u011f\u0131 gibi sistemin akt\u00fceryal dengesini ciddi bi\u00e7imde etkilemektedir. Nitekim yap\u0131lan \u00f6ng\u00f6r\u00fcler, 2010-2014 d\u00f6neminde sosyal g\u00fcvenlik sistemi a\u00e7\u0131\u011f\u0131n\u0131n yakla\u015f\u0131k %10\u2019unun yurt d\u0131\u015f\u0131 bor\u00e7lanma sisteminden kaynaklanaca\u011f\u0131n\u0131 ortaya koymaktad\u0131r. Yurtd\u0131\u015f\u0131 bor\u00e7lanmas\u0131 uygulamas\u0131nda hak kazan\u0131lan edimin ortalamada 6-10 y\u0131l aras\u0131nda bor\u00e7lan\u0131lan miktar\u0131 kar\u015f\u0131lad\u0131\u011f\u0131 g\u00f6r\u00fclmektedir. Bu nedenle, yurtd\u0131\u015f\u0131 bor\u00e7lanman\u0131n kald\u0131r\u0131lmas\u0131 ya da ki\u015finin yurtd\u0131\u015f\u0131 bor\u00e7lanmas\u0131 yapmak \u00fczere ba\u015fvuru yapt\u0131\u011f\u0131 tarihte ilk kez tescil edilen bir sigortal\u0131 gibi de\u011ferlendirilmesi ve y\u00fcr\u00fcrl\u00fckte olan kanunda yer alan parametrelere (emeklilik ya\u015f\u0131, ayl\u0131k ba\u011flama oran\u0131 vb.) g\u00f6re ayl\u0131k ba\u011flanmas\u0131 sa\u011flanmal\u0131d\u0131r.\u201d<\/em><\/p>\n\n\n\n<h2 class=\"wp-block-heading\"><strong>\u00c7ok \u00f6deyip az maa\u015f alacak bir sistem geliyor !!<\/strong><\/h2>\n\n\n\n<p>\u015eu andaki sistemde asgari 98.240 TL \u00f6deyen bir ki\u015fi 2200 TL civar\u0131 ayl\u0131k alma hakk\u0131na sahiptir. Paray\u0131 \u00f6dedi\u011fi anda emeklilik \u015fartlar\u0131 olu\u015fmu\u015fsa kar\u015f\u0131l\u0131\u011f\u0131n\u0131 alabilmektedir. Yeni sistemde hem \u00f6denecek miktarlar y\u00fckseltilecek hem de maa\u015flar d\u00fc\u015f\u00fcr\u00fclecektir. Hatta toplu \u00f6deme imk\u00e2n\u0131n\u0131n kald\u0131r\u0131lmas\u0131, aydan aya 20 ya da 25 y\u0131l \u00f6denecek primlerle emekli olma imk\u00e2n\u0131 getirilece\u011fi \u00f6zel ihtisas komisyonu raporlar\u0131nda belirtilmektedir. Ayr\u0131ca yurtd\u0131\u015f\u0131nda 2000 y\u0131l\u0131ndan \u00f6nce \u00e7al\u0131\u015fm\u0131\u015f ki\u015filerin dahi 01.10.2008 sonras\u0131 yasaya tabi k\u0131l\u0131nmas\u0131 \u00f6nerilmektedir. Bu da \u00e7ok fazla \u00f6deyerek \u00e7ok az maa\u015f alma anlam\u0131na gelmektedir. Kabaca hesap yapacak olursak; sistemin de\u011fi\u015fmesi ile beraber 25 hizmet y\u0131l\u0131 yani 9000 i\u015f g\u00fcn\u00fc \u00fczerinden \u00f6deme yapacak bir ki\u015fi 245.610 TL \u00f6deyecektir. Bir de bunu y\u0131llara ba\u011fl\u0131 taksitle \u00f6dedi\u011fini farz edersek her y\u0131l gelecek zamlarla bu miktar \u00e7ok daha fazla y\u00fckselecektir. Buna kar\u015f\u0131n ise 2008 y\u0131l\u0131 sonras\u0131 d\u00f6nemleri \u00f6deme mecburiyeti getirilirse ayl\u0131\u011f\u0131 500 TL civar\u0131 ile ba\u015flayacakt\u0131r.<\/p>\n\n\n\n<h2 class=\"wp-block-heading\"><strong>Yurtd\u0131\u015f\u0131 Bor\u00e7lanma Yasas\u0131 Kalk\u0131yor mu?<\/strong><\/h2>\n\n\n\n<p>TV ekranlar\u0131nda yurtd\u0131\u015f\u0131 bor\u00e7lanma yasas\u0131n\u0131n kald\u0131r\u0131laca\u011f\u0131 haberlerinin do\u011fru olup olmad\u0131\u011f\u0131na ili\u015fkin soruyu ise Avukat Barut \u015fu \u015fekilde yan\u0131tlam\u0131\u015ft\u0131r: \u201c Ben yurtd\u0131\u015f\u0131 bor\u00e7lanma yasas\u0131n\u0131n tamamen kald\u0131r\u0131laca\u011f\u0131na inanm\u0131yorum. 1978 y\u0131l\u0131ndan beri uygulanan bu sistemin k\u00f6k\u00fcnden kald\u0131r\u0131lmas\u0131 ciddi tepkiye neden olur. Bunun yerine baz\u0131 de\u011fi\u015fiklikler ile cazibesi azalt\u0131labilir. Mesela az \u00f6nce anlatt\u0131\u011f\u0131m\u0131z gibi bir de\u011fi\u015fiklik oldu\u011fu takdirde ba\u015fvuru say\u0131s\u0131 son derece azalacakt\u0131r.\u201d<\/p>\n\n\n\n<p>\u0130mkan\u0131 olanlar\u0131n emeklilik i\u015flemlerini 2019 y\u0131l\u0131 i\u00e7erisinde yapt\u0131rmas\u0131n\u0131 ve hak kazanmas\u0131n\u0131 tavsiye eden Barut seminerin ikinci b\u00f6l\u00fcm\u00fcnde kat\u0131l\u0131mc\u0131lar\u0131n emeklilik ile ilgili \u00f6zel sorular\u0131n\u0131 yan\u0131tlaman\u0131n yan\u0131 s\u0131ra otomatik bilgi anla\u015fmas\u0131, malvarl\u0131\u011f\u0131 gizlili\u011fi, mavi kart sorunlar\u0131 ve miras problemleri ile ilgili sorular\u0131n\u0131 yan\u0131tlayarak semineri sonland\u0131rd\u0131.<\/p>\n\n\n\n<p><strong>Bilgi Hatt\u0131:<\/strong>&nbsp;040 636 93 310<\/p>\n","protected":false},"excerpt":{"rendered":"<p>19 Haziran 2019 tarihinde Uzman Avukat Talha Barut\u2019un konuk olarak kat\u0131ld\u0131\u011f\u0131 seminerde T\u00fcrkiye\u2019den emeklilik konusunda \u00e7ok \u00f6nemli konular tart\u0131\u015f\u0131ld\u0131. Sosyal Hizmetler Uzman\u0131 D\u00f6nd\u00fc Tosun taraf\u0131ndan organize edilen etkinlik s\u0131cak bir atmosferde ger\u00e7ekle\u015ftirildi. Yeni de\u011fi\u015fecek emeklilik yasas\u0131 ile ilgili \u00f6nemli a\u00e7\u0131klamalar yapan Avukat Barut \u015funlar\u0131 kaydetti: \u2019Hazine ve Maliye Bakan\u0131 Berat Albayrak 2019 y\u0131l\u0131 i\u00e7erisinde emeklilik&hellip;<\/p>\n<p class=\"more-link\"><a href=\"https:\/\/talhabarut.com\/index.php\/2019\/08\/25\/neumunsterde-yeni-emeklilik-yasasi-tartisildi\/\" class=\"themebutton2\">Read More<\/a><\/p>\n","protected":false},"author":1,"featured_media":251,"comment_status":"closed","ping_status":"closed","sticky":false,"template":"","format":"standard","meta":{"_exactmetrics_skip_tracking":false,"_exactmetrics_sitenote_active":false,"_exactmetrics_sitenote_note":"","_exactmetrics_sitenote_category":0,"footnotes":""},"categories":[1],"tags":[],"class_list":["post-250","post","type-post","status-publish","format-standard","has-post-thumbnail","hentry","category-genel"],"yoast_head":"<!-- This site is optimized with the Yoast SEO plugin v24.9 - https:\/\/yoast.com\/wordpress\/plugins\/seo\/ -->\n<title>Neum\u00fcnster&#039;de Yeni Emeklilik Yasas\u0131 Tart\u0131\u015f\u0131ld\u0131 ! - Talha Barut<\/title>\n<meta name=\"robots\" content=\"index, follow, max-snippet:-1, max-image-preview:large, max-video-preview:-1\" \/>\n<link rel=\"canonical\" href=\"https:\/\/talhabarut.com\/index.php\/2019\/08\/25\/neumunsterde-yeni-emeklilik-yasasi-tartisildi\/\" \/>\n<meta property=\"og:locale\" content=\"tr_TR\" \/>\n<meta property=\"og:type\" content=\"article\" \/>\n<meta property=\"og:title\" content=\"Neum\u00fcnster&#039;de Yeni Emeklilik Yasas\u0131 Tart\u0131\u015f\u0131ld\u0131 ! - Talha Barut\" \/>\n<meta property=\"og:description\" content=\"19 Haziran 2019 tarihinde Uzman Avukat Talha Barut\u2019un konuk olarak kat\u0131ld\u0131\u011f\u0131 seminerde T\u00fcrkiye\u2019den emeklilik konusunda \u00e7ok \u00f6nemli konular tart\u0131\u015f\u0131ld\u0131. Sosyal Hizmetler Uzman\u0131 D\u00f6nd\u00fc Tosun taraf\u0131ndan organize edilen etkinlik s\u0131cak bir atmosferde ger\u00e7ekle\u015ftirildi. Yeni de\u011fi\u015fecek emeklilik yasas\u0131 ile ilgili \u00f6nemli a\u00e7\u0131klamalar yapan Avukat Barut \u015funlar\u0131 kaydetti: \u2019Hazine ve Maliye Bakan\u0131 Berat Albayrak 2019 y\u0131l\u0131 i\u00e7erisinde emeklilik&hellip;Read More\" \/>\n<meta property=\"og:url\" content=\"https:\/\/talhabarut.com\/index.php\/2019\/08\/25\/neumunsterde-yeni-emeklilik-yasasi-tartisildi\/\" \/>\n<meta property=\"og:site_name\" content=\"Talha Barut\" \/>\n<meta property=\"article:published_time\" content=\"2019-08-25T15:11:23+00:00\" \/>\n<meta property=\"og:image\" content=\"https:\/\/talhabarut.com\/wp-content\/uploads\/2019\/08\/yazi_neumunsteremeklilik.jpg\" \/>\n\t<meta property=\"og:image:width\" content=\"360\" \/>\n\t<meta property=\"og:image:height\" content=\"200\" \/>\n\t<meta property=\"og:image:type\" content=\"image\/jpeg\" \/>\n<meta name=\"author\" content=\"Av. Talha Barut\" \/>\n<meta name=\"twitter:card\" content=\"summary_large_image\" \/>\n<meta name=\"twitter:label1\" content=\"Yazan:\" \/>\n\t<meta name=\"twitter:data1\" content=\"Av. Talha Barut\" \/>\n\t<meta name=\"twitter:label2\" content=\"Tahmini okuma s\u00fcresi\" \/>\n\t<meta name=\"twitter:data2\" content=\"4 dakika\" \/>\n<script type=\"application\/ld+json\" class=\"yoast-schema-graph\">{\"@context\":\"https:\/\/schema.org\",\"@graph\":[{\"@type\":\"Article\",\"@id\":\"https:\/\/talhabarut.com\/index.php\/2019\/08\/25\/neumunsterde-yeni-emeklilik-yasasi-tartisildi\/#article\",\"isPartOf\":{\"@id\":\"https:\/\/talhabarut.com\/index.php\/2019\/08\/25\/neumunsterde-yeni-emeklilik-yasasi-tartisildi\/\"},\"author\":{\"name\":\"Av. Talha Barut\",\"@id\":\"https:\/\/talhabarut.com\/#\/schema\/person\/043e4e4bf7a1cdc3c4892973f3237780\"},\"headline\":\"Neum\u00fcnster&#8217;de Yeni Emeklilik Yasas\u0131 Tart\u0131\u015f\u0131ld\u0131 !\",\"datePublished\":\"2019-08-25T15:11:23+00:00\",\"mainEntityOfPage\":{\"@id\":\"https:\/\/talhabarut.com\/index.php\/2019\/08\/25\/neumunsterde-yeni-emeklilik-yasasi-tartisildi\/\"},\"wordCount\":789,\"publisher\":{\"@id\":\"https:\/\/talhabarut.com\/#\/schema\/person\/043e4e4bf7a1cdc3c4892973f3237780\"},\"image\":{\"@id\":\"https:\/\/talhabarut.com\/index.php\/2019\/08\/25\/neumunsterde-yeni-emeklilik-yasasi-tartisildi\/#primaryimage\"},\"thumbnailUrl\":\"https:\/\/talhabarut.com\/wp-content\/uploads\/2019\/08\/yazi_neumunsteremeklilik.jpg\",\"inLanguage\":\"tr\"},{\"@type\":\"WebPage\",\"@id\":\"https:\/\/talhabarut.com\/index.php\/2019\/08\/25\/neumunsterde-yeni-emeklilik-yasasi-tartisildi\/\",\"url\":\"https:\/\/talhabarut.com\/index.php\/2019\/08\/25\/neumunsterde-yeni-emeklilik-yasasi-tartisildi\/\",\"name\":\"Neum\u00fcnster'de Yeni Emeklilik Yasas\u0131 Tart\u0131\u015f\u0131ld\u0131 ! - Talha Barut\",\"isPartOf\":{\"@id\":\"https:\/\/talhabarut.com\/#website\"},\"primaryImageOfPage\":{\"@id\":\"https:\/\/talhabarut.com\/index.php\/2019\/08\/25\/neumunsterde-yeni-emeklilik-yasasi-tartisildi\/#primaryimage\"},\"image\":{\"@id\":\"https:\/\/talhabarut.com\/index.php\/2019\/08\/25\/neumunsterde-yeni-emeklilik-yasasi-tartisildi\/#primaryimage\"},\"thumbnailUrl\":\"https:\/\/talhabarut.com\/wp-content\/uploads\/2019\/08\/yazi_neumunsteremeklilik.jpg\",\"datePublished\":\"2019-08-25T15:11:23+00:00\",\"breadcrumb\":{\"@id\":\"https:\/\/talhabarut.com\/index.php\/2019\/08\/25\/neumunsterde-yeni-emeklilik-yasasi-tartisildi\/#breadcrumb\"},\"inLanguage\":\"tr\",\"potentialAction\":[{\"@type\":\"ReadAction\",\"target\":[\"https:\/\/talhabarut.com\/index.php\/2019\/08\/25\/neumunsterde-yeni-emeklilik-yasasi-tartisildi\/\"]}]},{\"@type\":\"ImageObject\",\"inLanguage\":\"tr\",\"@id\":\"https:\/\/talhabarut.com\/index.php\/2019\/08\/25\/neumunsterde-yeni-emeklilik-yasasi-tartisildi\/#primaryimage\",\"url\":\"https:\/\/talhabarut.com\/wp-content\/uploads\/2019\/08\/yazi_neumunsteremeklilik.jpg\",\"contentUrl\":\"https:\/\/talhabarut.com\/wp-content\/uploads\/2019\/08\/yazi_neumunsteremeklilik.jpg\",\"width\":360,\"height\":200,\"caption\":\"Avukat Talha Barut Neumunster Emeklilik Yasas\u0131\"},{\"@type\":\"BreadcrumbList\",\"@id\":\"https:\/\/talhabarut.com\/index.php\/2019\/08\/25\/neumunsterde-yeni-emeklilik-yasasi-tartisildi\/#breadcrumb\",\"itemListElement\":[{\"@type\":\"ListItem\",\"position\":1,\"name\":\"Ana sayfa\",\"item\":\"https:\/\/talhabarut.com\/\"},{\"@type\":\"ListItem\",\"position\":2,\"name\":\"Neum\u00fcnster&#8217;de Yeni Emeklilik Yasas\u0131 Tart\u0131\u015f\u0131ld\u0131 !\"}]},{\"@type\":\"WebSite\",\"@id\":\"https:\/\/talhabarut.com\/#website\",\"url\":\"https:\/\/talhabarut.com\/\",\"name\":\"Talha Barut\",\"description\":\"Anwalt \/ Avukat\",\"publisher\":{\"@id\":\"https:\/\/talhabarut.com\/#\/schema\/person\/043e4e4bf7a1cdc3c4892973f3237780\"},\"potentialAction\":[{\"@type\":\"SearchAction\",\"target\":{\"@type\":\"EntryPoint\",\"urlTemplate\":\"https:\/\/talhabarut.com\/?s={search_term_string}\"},\"query-input\":{\"@type\":\"PropertyValueSpecification\",\"valueRequired\":true,\"valueName\":\"search_term_string\"}}],\"inLanguage\":\"tr\"},{\"@type\":[\"Person\",\"Organization\"],\"@id\":\"https:\/\/talhabarut.com\/#\/schema\/person\/043e4e4bf7a1cdc3c4892973f3237780\",\"name\":\"Av. Talha Barut\",\"image\":{\"@type\":\"ImageObject\",\"inLanguage\":\"tr\",\"@id\":\"https:\/\/talhabarut.com\/#\/schema\/person\/image\/\",\"url\":\"https:\/\/talhabarut.com\/wp-content\/uploads\/2019\/08\/logo_200x90.jpg\",\"contentUrl\":\"https:\/\/talhabarut.com\/wp-content\/uploads\/2019\/08\/logo_200x90.jpg\",\"width\":200,\"height\":90,\"caption\":\"Av. Talha Barut\"},\"logo\":{\"@id\":\"https:\/\/talhabarut.com\/#\/schema\/person\/image\/\"},\"description\":\"Avukat Talha Barut Almanya\",\"sameAs\":[\"http:\/\/www.talhabarut.com\"]}]}<\/script>\n<!-- \/ Yoast SEO plugin. -->","yoast_head_json":{"title":"Neum\u00fcnster'de Yeni Emeklilik Yasas\u0131 Tart\u0131\u015f\u0131ld\u0131 ! - Talha Barut","robots":{"index":"index","follow":"follow","max-snippet":"max-snippet:-1","max-image-preview":"max-image-preview:large","max-video-preview":"max-video-preview:-1"},"canonical":"https:\/\/talhabarut.com\/index.php\/2019\/08\/25\/neumunsterde-yeni-emeklilik-yasasi-tartisildi\/","og_locale":"tr_TR","og_type":"article","og_title":"Neum\u00fcnster'de Yeni Emeklilik Yasas\u0131 Tart\u0131\u015f\u0131ld\u0131 ! - Talha Barut","og_description":"19 Haziran 2019 tarihinde Uzman Avukat Talha Barut\u2019un konuk olarak kat\u0131ld\u0131\u011f\u0131 seminerde T\u00fcrkiye\u2019den emeklilik konusunda \u00e7ok \u00f6nemli konular tart\u0131\u015f\u0131ld\u0131. Sosyal Hizmetler Uzman\u0131 D\u00f6nd\u00fc Tosun taraf\u0131ndan organize edilen etkinlik s\u0131cak bir atmosferde ger\u00e7ekle\u015ftirildi. Yeni de\u011fi\u015fecek emeklilik yasas\u0131 ile ilgili \u00f6nemli a\u00e7\u0131klamalar yapan Avukat Barut \u015funlar\u0131 kaydetti: \u2019Hazine ve Maliye Bakan\u0131 Berat Albayrak 2019 y\u0131l\u0131 i\u00e7erisinde emeklilik&hellip;Read More","og_url":"https:\/\/talhabarut.com\/index.php\/2019\/08\/25\/neumunsterde-yeni-emeklilik-yasasi-tartisildi\/","og_site_name":"Talha Barut","article_published_time":"2019-08-25T15:11:23+00:00","og_image":[{"width":360,"height":200,"url":"https:\/\/talhabarut.com\/wp-content\/uploads\/2019\/08\/yazi_neumunsteremeklilik.jpg","type":"image\/jpeg"}],"author":"Av. Talha Barut","twitter_card":"summary_large_image","twitter_misc":{"Yazan:":"Av. Talha Barut","Tahmini okuma s\u00fcresi":"4 dakika"},"schema":{"@context":"https:\/\/schema.org","@graph":[{"@type":"Article","@id":"https:\/\/talhabarut.com\/index.php\/2019\/08\/25\/neumunsterde-yeni-emeklilik-yasasi-tartisildi\/#article","isPartOf":{"@id":"https:\/\/talhabarut.com\/index.php\/2019\/08\/25\/neumunsterde-yeni-emeklilik-yasasi-tartisildi\/"},"author":{"name":"Av. Talha Barut","@id":"https:\/\/talhabarut.com\/#\/schema\/person\/043e4e4bf7a1cdc3c4892973f3237780"},"headline":"Neum\u00fcnster&#8217;de Yeni Emeklilik Yasas\u0131 Tart\u0131\u015f\u0131ld\u0131 !","datePublished":"2019-08-25T15:11:23+00:00","mainEntityOfPage":{"@id":"https:\/\/talhabarut.com\/index.php\/2019\/08\/25\/neumunsterde-yeni-emeklilik-yasasi-tartisildi\/"},"wordCount":789,"publisher":{"@id":"https:\/\/talhabarut.com\/#\/schema\/person\/043e4e4bf7a1cdc3c4892973f3237780"},"image":{"@id":"https:\/\/talhabarut.com\/index.php\/2019\/08\/25\/neumunsterde-yeni-emeklilik-yasasi-tartisildi\/#primaryimage"},"thumbnailUrl":"https:\/\/talhabarut.com\/wp-content\/uploads\/2019\/08\/yazi_neumunsteremeklilik.jpg","inLanguage":"tr"},{"@type":"WebPage","@id":"https:\/\/talhabarut.com\/index.php\/2019\/08\/25\/neumunsterde-yeni-emeklilik-yasasi-tartisildi\/","url":"https:\/\/talhabarut.com\/index.php\/2019\/08\/25\/neumunsterde-yeni-emeklilik-yasasi-tartisildi\/","name":"Neum\u00fcnster'de Yeni Emeklilik Yasas\u0131 Tart\u0131\u015f\u0131ld\u0131 ! - Talha Barut","isPartOf":{"@id":"https:\/\/talhabarut.com\/#website"},"primaryImageOfPage":{"@id":"https:\/\/talhabarut.com\/index.php\/2019\/08\/25\/neumunsterde-yeni-emeklilik-yasasi-tartisildi\/#primaryimage"},"image":{"@id":"https:\/\/talhabarut.com\/index.php\/2019\/08\/25\/neumunsterde-yeni-emeklilik-yasasi-tartisildi\/#primaryimage"},"thumbnailUrl":"https:\/\/talhabarut.com\/wp-content\/uploads\/2019\/08\/yazi_neumunsteremeklilik.jpg","datePublished":"2019-08-25T15:11:23+00:00","breadcrumb":{"@id":"https:\/\/talhabarut.com\/index.php\/2019\/08\/25\/neumunsterde-yeni-emeklilik-yasasi-tartisildi\/#breadcrumb"},"inLanguage":"tr","potentialAction":[{"@type":"ReadAction","target":["https:\/\/talhabarut.com\/index.php\/2019\/08\/25\/neumunsterde-yeni-emeklilik-yasasi-tartisildi\/"]}]},{"@type":"ImageObject","inLanguage":"tr","@id":"https:\/\/talhabarut.com\/index.php\/2019\/08\/25\/neumunsterde-yeni-emeklilik-yasasi-tartisildi\/#primaryimage","url":"https:\/\/talhabarut.com\/wp-content\/uploads\/2019\/08\/yazi_neumunsteremeklilik.jpg","contentUrl":"https:\/\/talhabarut.com\/wp-content\/uploads\/2019\/08\/yazi_neumunsteremeklilik.jpg","width":360,"height":200,"caption":"Avukat Talha Barut Neumunster Emeklilik Yasas\u0131"},{"@type":"BreadcrumbList","@id":"https:\/\/talhabarut.com\/index.php\/2019\/08\/25\/neumunsterde-yeni-emeklilik-yasasi-tartisildi\/#breadcrumb","itemListElement":[{"@type":"ListItem","position":1,"name":"Ana sayfa","item":"https:\/\/talhabarut.com\/"},{"@type":"ListItem","position":2,"name":"Neum\u00fcnster&#8217;de Yeni Emeklilik Yasas\u0131 Tart\u0131\u015f\u0131ld\u0131 !"}]},{"@type":"WebSite","@id":"https:\/\/talhabarut.com\/#website","url":"https:\/\/talhabarut.com\/","name":"Talha Barut","description":"Anwalt \/ Avukat","publisher":{"@id":"https:\/\/talhabarut.com\/#\/schema\/person\/043e4e4bf7a1cdc3c4892973f3237780"},"potentialAction":[{"@type":"SearchAction","target":{"@type":"EntryPoint","urlTemplate":"https:\/\/talhabarut.com\/?s={search_term_string}"},"query-input":{"@type":"PropertyValueSpecification","valueRequired":true,"valueName":"search_term_string"}}],"inLanguage":"tr"},{"@type":["Person","Organization"],"@id":"https:\/\/talhabarut.com\/#\/schema\/person\/043e4e4bf7a1cdc3c4892973f3237780","name":"Av. Talha Barut","image":{"@type":"ImageObject","inLanguage":"tr","@id":"https:\/\/talhabarut.com\/#\/schema\/person\/image\/","url":"https:\/\/talhabarut.com\/wp-content\/uploads\/2019\/08\/logo_200x90.jpg","contentUrl":"https:\/\/talhabarut.com\/wp-content\/uploads\/2019\/08\/logo_200x90.jpg","width":200,"height":90,"caption":"Av. Talha Barut"},"logo":{"@id":"https:\/\/talhabarut.com\/#\/schema\/person\/image\/"},"description":"Avukat Talha Barut Almanya","sameAs":["http:\/\/www.talhabarut.com"]}]}},"_links":{"self":[{"href":"https:\/\/talhabarut.com\/index.php\/wp-json\/wp\/v2\/posts\/250","targetHints":{"allow":["GET"]}}],"collection":[{"href":"https:\/\/talhabarut.com\/index.php\/wp-json\/wp\/v2\/posts"}],"about":[{"href":"https:\/\/talhabarut.com\/index.php\/wp-json\/wp\/v2\/types\/post"}],"author":[{"embeddable":true,"href":"https:\/\/talhabarut.com\/index.php\/wp-json\/wp\/v2\/users\/1"}],"replies":[{"embeddable":true,"href":"https:\/\/talhabarut.com\/index.php\/wp-json\/wp\/v2\/comments?post=250"}],"version-history":[{"count":1,"href":"https:\/\/talhabarut.com\/index.php\/wp-json\/wp\/v2\/posts\/250\/revisions"}],"predecessor-version":[{"id":252,"href":"https:\/\/talhabarut.com\/index.php\/wp-json\/wp\/v2\/posts\/250\/revisions\/252"}],"wp:featuredmedia":[{"embeddable":true,"href":"https:\/\/talhabarut.com\/index.php\/wp-json\/wp\/v2\/media\/251"}],"wp:attachment":[{"href":"https:\/\/talhabarut.com\/index.php\/wp-json\/wp\/v2\/media?parent=250"}],"wp:term":[{"taxonomy":"category","embeddable":true,"href":"https:\/\/talhabarut.com\/index.php\/wp-json\/wp\/v2\/categories?post=250"},{"taxonomy":"post_tag","embeddable":true,"href":"https:\/\/talhabarut.com\/index.php\/wp-json\/wp\/v2\/tags?post=250"}],"curies":[{"name":"wp","href":"https:\/\/api.w.org\/{rel}","templated":true}]}}